{"id":102344,"date":"2022-12-15T13:12:37","date_gmt":"2022-12-15T11:12:37","guid":{"rendered":"https:\/\/eliselis.com\/?p=102344"},"modified":"2022-12-15T13:12:37","modified_gmt":"2022-12-15T11:12:37","slug":"el-nadal-arreu-del-mon-manualitats-i-tradicions","status":"publish","type":"post","link":"http:\/\/hosting175681eu-cp704.wordpresstemporal.com\/ca\/el-nadal-arreu-del-mon-manualitats-i-tradicions\/","title":{"rendered":"El Nadal Arreu del m\u00f3n: manualitats i tradicions"},"content":{"rendered":"<h1><b>El Nadal Arreu del m\u00f3n: manualitats i tradicions<\/b><\/h1>\n<h2><b>Com celebrem les festes de Nadal arreu del m\u00f3n?\u00a0<\/b><\/h2>\n<p><span style=\"font-weight: 400;\">S\u2019acosta Nadal i no hi ha res que el pugui fer m\u00e9s especial que fer les teves pr\u00f2pies decoracions nadalenques.\u00a0\u00a0<\/span><\/p>\n<p><span style=\"font-weight: 400;\">A Elis Elis ten\u00edem curiositat per aprendre m\u00e9s sobre com altres persones d&#8217;arreu del m\u00f3n celebren la temporada de vacances de desembre i per aix\u00f2 us portem algunes idees de manualitats nadalenques d&#8217;arreu del m\u00f3n molt boniques. D\u2019aquesta manera, podreu gaudir al m\u00e0xim d\u2019aquestes festes i ser m\u00e9s creatius que mai fent servir material que podem reciclar a casa.\u00a0<\/span><\/p>\n<p><span style=\"font-weight: 400;\">A m\u00e9s a m\u00e9s, a part de manualitats, tenim una altra sorpresa per vosaltres aquestes festes\u2026 hem estrenat una <\/span><span style=\"font-weight: 400;\">nova <a href=\"https:\/\/eliselis.com\/product-category\/iron-on-patches\/christmas-time\/\">col\u00b7lecci\u00f3 especial de Nadal<\/a><\/span><span style=\"font-weight: 400;\">! Perqu\u00e8 decoreu la vostra roba <\/span><span style=\"font-weight: 400;\">com fem amb el nostre arbre de Nadal!<\/span><\/p>\n<p><a href=\"https:\/\/eliselis.com\/wp-content\/uploads\/2022\/12\/iStock-1181849765.jpg\"><img decoding=\"async\" class=\"wp-image-102354 aligncenter\" src=\"https:\/\/eliselis.com\/wp-content\/uploads\/2022\/12\/iStock-1181849765-1024x683.jpg\" alt=\"\" width=\"809\" height=\"539\" srcset=\"http:\/\/hosting175681eu-cp704.wordpresstemporal.com\/wp-content\/uploads\/2022\/12\/iStock-1181849765-1024x683.jpg 1024w, http:\/\/hosting175681eu-cp704.wordpresstemporal.com\/wp-content\/uploads\/2022\/12\/iStock-1181849765-300x200.jpg 300w, http:\/\/hosting175681eu-cp704.wordpresstemporal.com\/wp-content\/uploads\/2022\/12\/iStock-1181849765-768x512.jpg 768w, http:\/\/hosting175681eu-cp704.wordpresstemporal.com\/wp-content\/uploads\/2022\/12\/iStock-1181849765-1536x1024.jpg 1536w, http:\/\/hosting175681eu-cp704.wordpresstemporal.com\/wp-content\/uploads\/2022\/12\/iStock-1181849765-600x400.jpg 600w, http:\/\/hosting175681eu-cp704.wordpresstemporal.com\/wp-content\/uploads\/2022\/12\/iStock-1181849765.jpg 1981w\" sizes=\"(max-width: 809px) 100vw, 809px\" \/><\/a><\/p>\n<p><span style=\"font-weight: 400;\">Us proposem 4 manualitats per descobrir com es viu el Nadal al voltant del m\u00f3n. Comenceu a preparar-vos per a les celebracions amb aquestes simp\u00e0tiques manualitats nadalenques d\u2019Alemanya, Anglaterra, Su\u00e8cia i Catalunya. Esperem que us divertiu molt amb aquest viatge \u00fanic pel m\u00f3n!<\/span><\/p>\n<h3><\/h3>\n<h3><b>ALEMANYA &#8211; CONSTRUEIX LA TEVA CASA DE GINGEBRE<\/b><\/h3>\n<p><span style=\"font-weight: 400;\">A Alemanya, quan penses en Nadal, penses en el Nuremberg Lebkuchen, el fam\u00f3s pa de gingebre de la ciutat. Aquests dol\u00e7os una mica picants s&#8217;han cuinat durant m\u00e9s de 600 anys i s\u00f3n estimats per grans i petits.<\/span><\/p>\n<p>&nbsp;<\/p>\n<p><a href=\"https:\/\/eliselis.com\/wp-content\/uploads\/2022\/12\/iStock-459930469.jpg\"><img decoding=\"async\" class=\"size-large wp-image-102345 aligncenter\" src=\"https:\/\/eliselis.com\/wp-content\/uploads\/2022\/12\/iStock-459930469-1024x682.jpg\" alt=\"\" width=\"840\" height=\"559\" srcset=\"http:\/\/hosting175681eu-cp704.wordpresstemporal.com\/wp-content\/uploads\/2022\/12\/iStock-459930469-1024x682.jpg 1024w, http:\/\/hosting175681eu-cp704.wordpresstemporal.com\/wp-content\/uploads\/2022\/12\/iStock-459930469-300x200.jpg 300w, http:\/\/hosting175681eu-cp704.wordpresstemporal.com\/wp-content\/uploads\/2022\/12\/iStock-459930469-768x512.jpg 768w, http:\/\/hosting175681eu-cp704.wordpresstemporal.com\/wp-content\/uploads\/2022\/12\/iStock-459930469-600x400.jpg 600w, http:\/\/hosting175681eu-cp704.wordpresstemporal.com\/wp-content\/uploads\/2022\/12\/iStock-459930469.jpg 1106w\" sizes=\"(max-width: 840px) 100vw, 840px\" \/><\/a><\/p>\n<p><span style=\"font-weight: 400;\">Cuinar una casa de pa de gingebre \u00e9s molt senzill, seguint una <\/span><a href=\"https:\/\/sallysbakingaddiction.com\/gingerbread-house\/\"><span style=\"font-weight: 400;\">recepta<\/span><\/a><span style=\"font-weight: 400;\"> i amb una plantilla de disseny que trobareu en l\u00ednia. Les formes de la casa de pa de gingebre han de ser molt m\u00e9s resistents i s\u00f2lides que les galetes de sempre. Necessitarem una quantitat m\u00e9s petita de llevat i menys mantega, perqu\u00e8 les formes de les cases siguin m\u00e9s dures. Tamb\u00e9 et recomanem que afegeixis aigua per fer una massa m\u00e9s suau.<\/span><\/p>\n<p><span style=\"font-weight: 400;\">Ara que ja coneixeu la tradici\u00f3 d\u2019Alemanya, us proposem construir la vostra pr\u00f2pia casa de gingebre!\u00a0<\/span><\/p>\n<p><span style=\"font-weight: 400;\">Quan feu una casa amb pa de gingebre el pas m\u00e9s important \u00e9s construir una base s\u00f2lida i robusta, i la millor manera de fer-ho \u00e9s amb una estructura equilibrada. Prepareu molt b\u00e9 els patrons, feu la massa, retalleu les formes, feu la cobertura i munteu la base. Deixeu pel final el sostre.\u00a0<\/span><\/p>\n<p><span style=\"font-weight: 400;\">Un cop tingueu l\u2019estructura feta i muntada, arriba la millor part! Decora la casa amb les teves llaminadures preferides i ja tindr\u00e0s la teva casa de gingebre llesta per sorprendre a tota la fam\u00edlia. <\/span><\/p>\n<p>&nbsp;<\/p>\n<h3><b>REGNE UNIT &#8211; AQUESTES FESTES, DECORA LA TAULA AMB CHRISTMAS CRACKERS!\u00a0<\/b><b><\/b><\/h3>\n<p><span style=\"font-weight: 400;\">Els <\/span><i><span style=\"font-weight: 400;\">Christmas Crackers<\/span><\/i><span style=\"font-weight: 400;\"> s\u00f3n decoracions de taula festives que fan soroll quan s\u2019estiren i s&#8217;obren. Sovint contenen un petit regal, galtes, llaminadures o alguna una broma. Formen part de les celebracions nadalenques al Regne Unit i tamb\u00e9 \u00e9s molt com\u00fa a\u00a0 Irlanda i pa\u00efsos de la Commonwealth com Austr\u00e0lia, Canad\u00e0, Nova Zelanda i Sud-\u00e0frica.<\/span><\/p>\n<p><a href=\"https:\/\/eliselis.com\/wp-content\/uploads\/2022\/12\/iStock-859642444.jpg\"><img decoding=\"async\" class=\"size-large wp-image-102348 aligncenter\" src=\"https:\/\/eliselis.com\/wp-content\/uploads\/2022\/12\/iStock-859642444-1024x683.jpg\" alt=\"\" width=\"840\" height=\"560\" srcset=\"http:\/\/hosting175681eu-cp704.wordpresstemporal.com\/wp-content\/uploads\/2022\/12\/iStock-859642444-1024x683.jpg 1024w, http:\/\/hosting175681eu-cp704.wordpresstemporal.com\/wp-content\/uploads\/2022\/12\/iStock-859642444-300x200.jpg 300w, http:\/\/hosting175681eu-cp704.wordpresstemporal.com\/wp-content\/uploads\/2022\/12\/iStock-859642444-768x512.jpg 768w, http:\/\/hosting175681eu-cp704.wordpresstemporal.com\/wp-content\/uploads\/2022\/12\/iStock-859642444-600x400.jpg 600w, http:\/\/hosting175681eu-cp704.wordpresstemporal.com\/wp-content\/uploads\/2022\/12\/iStock-859642444.jpg 1348w\" sizes=\"(max-width: 840px) 100vw, 840px\" \/><\/a><\/p>\n<p><span style=\"font-weight: 400;\">Una manera sostenible i ecol\u00f2gica de reutilitzar rotlles de paper de v\u00e0ter que tenim per casa \u00e9s fent <\/span><i><span style=\"font-weight: 400;\">Christmas Crackers<\/span><\/i><span style=\"font-weight: 400;\"> per tal d&#8217;afegir un toc personal a les festes.\u00a0<\/span><\/p>\n<p><span style=\"font-weight: 400;\">Necessitareu un A4 de paper estampat, paper pintat o paper normal per decorar<\/span><\/p>\n<p><span style=\"font-weight: 400;\">Tubs de cartr\u00f3 (per exemple, suports per a rotlles de v\u00e0ter o de cuina), pintures per decorar, una cinta o corda per lligar, tisores, cola i per \u00faltim, els farcits: llaminadures, joguines, jocs, bromes\u2026<\/span><\/p>\n<p><span style=\"font-weight: 400;\">Comenceu decorant l&#8217;exterior del <\/span><i><span style=\"font-weight: 400;\">cracker<\/span><\/i><span style=\"font-weight: 400;\"> deixant volar la vostra imaginaci\u00f3 amb pintures o el que vulgueu.<\/span><\/p>\n<p><span style=\"font-weight: 400;\">Assegureu-vos que el vostre paper A4 estigui col\u00b7locat cap avall sobre una taula i col\u00b7loqueu el vostre tub de cartr\u00f3 al centre del paper. A continuaci\u00f3, emboliqueu el paper al voltant del tub de cartr\u00f3. El tub de cartr\u00f3 donar\u00e0 una estructura addicional al vostre <\/span><i><span style=\"font-weight: 400;\">cracker<\/span><\/i><span style=\"font-weight: 400;\"> perqu\u00e8 no es desfaci.<\/span><\/p>\n<p><span style=\"font-weight: 400;\">Gireu amb cura un costat del<\/span><i><span style=\"font-weight: 400;\"> cracker<\/span><\/i><span style=\"font-weight: 400;\"> i fixeu un dels extrems del tub de cartr\u00f3 amb una cinta festiva. Despr\u00e9s, Afegiu suaument els farcits de les galetes, tenint cura de no omplir-los en exc\u00e9s, i fixeu l&#8217;altre costat amb una cinta.\u00a0<\/span><\/p>\n<p><span style=\"font-weight: 400;\">Ja ho tens! Finalment, col\u00b7loca el teu \u00fanic i fant\u00e0stic <\/span><i><span style=\"font-weight: 400;\">cracker<\/span><\/i><span style=\"font-weight: 400;\"> a la taula per donar la benvinguda als convidats, li donar\u00e0s el toc final perfecte per a la teva decoraci\u00f3 de taula de Nadal.<\/span><\/p>\n<p>&nbsp;<\/p>\n<h3><b>SU\u00c8CIA &#8211; Feu decoracions de Nadal Tomte sueques<\/b><\/h3>\n<p><span style=\"font-weight: 400;\">Els Tomte s\u00f3n esperits entremaliats i solitaris que protegeixen i cuiden les granges sueques durant l\u2019\u00e8poca de Nadal. Des d\u2019Elis Elis et proposem afegir una decoraci\u00f3 nadalenca sueca al teu arbre amb un adorn Tomte.<\/span><\/p>\n<p><a href=\"https:\/\/eliselis.com\/wp-content\/uploads\/2022\/12\/iStock-1290506090.jpg\"><img decoding=\"async\" class=\"size-large wp-image-102357 aligncenter\" src=\"https:\/\/eliselis.com\/wp-content\/uploads\/2022\/12\/iStock-1290506090-1024x683.jpg\" alt=\"\" width=\"840\" height=\"560\" srcset=\"http:\/\/hosting175681eu-cp704.wordpresstemporal.com\/wp-content\/uploads\/2022\/12\/iStock-1290506090-1024x683.jpg 1024w, http:\/\/hosting175681eu-cp704.wordpresstemporal.com\/wp-content\/uploads\/2022\/12\/iStock-1290506090-300x200.jpg 300w, http:\/\/hosting175681eu-cp704.wordpresstemporal.com\/wp-content\/uploads\/2022\/12\/iStock-1290506090-768x512.jpg 768w, http:\/\/hosting175681eu-cp704.wordpresstemporal.com\/wp-content\/uploads\/2022\/12\/iStock-1290506090-1536x1024.jpg 1536w, http:\/\/hosting175681eu-cp704.wordpresstemporal.com\/wp-content\/uploads\/2022\/12\/iStock-1290506090-600x400.jpg 600w, http:\/\/hosting175681eu-cp704.wordpresstemporal.com\/wp-content\/uploads\/2022\/12\/iStock-1290506090.jpg 1800w\" sizes=\"(max-width: 840px) 100vw, 840px\" \/><\/a><\/p>\n<p><span style=\"font-weight: 400;\">El Tomten de paper \u00e9s f\u00e0cil de fer i utilitza materials que probablement ja teniu a casa!<\/span><\/p>\n<p><span style=\"font-weight: 400;\">Necessites: Paper de colors en vermell, blanc i el to de pell que vulguis, tisores, cinta, fil invisible (tamb\u00e9 podeu utilitzar cinta o corda normal), llapis negre i una barra de cola.\u00a0<\/span><\/p>\n<p><span style=\"font-weight: 400;\">Talla triangles de paper blanc i vermell i mireu que siguin sim\u00e8trics. Retalleu cercles per a les cares. Podeu utilitzar un sol color per a la uniformitat o diferents colors per a un grup divers de Tomten! Enganxeu les parts del Tomten junts amb un triangle vermell per al barret i un triangle blanc per a la barba. Dibuixa cares a la part exposada del cercle. I finalment, talleu el fil invisible (o corda) a la longitud desitjada i enganxeu el fil amb cinta adhesiva.<\/span><\/p>\n<p><span style=\"font-weight: 400;\">Penja la teva garlanda festiva de Tomten a la finestra, al teu arbre de Nadal o all\u00e0 on creguis que hauria de passar l&#8217;estona una colla de gnoms entremaliats que et protegeixen la casa.<\/span><\/p>\n<h3><b>CATALUNYA\u00a0 <\/b><b>&#8211; <\/b><b>FEM EL NOSTRE TI\u00d3! Amb rotllo de paper de WC i cartolina\u00a0<\/b><b><\/b><\/h3>\n<p><span style=\"font-weight: 400;\">Per \u00faltim, per\u00f2 no menys important volem parlar d\u2019una tradici\u00f3 de Catalunya que potser molts de vosaltres no coineixeu: fer cagar el ti\u00f3. Un tronc d&#8217;arbre m\u00e0gic, decorat amb una barretina i <\/span><span style=\"font-weight: 400;\">una cara somrient \u00e9s una de les tradicions nadalenques m\u00e9s estimades a Catalunya. La coneixes?\u00a0<\/span><\/p>\n<p><a href=\"https:\/\/eliselis.com\/wp-content\/uploads\/2022\/12\/iStock-1069531902.jpg\"><img decoding=\"async\" class=\"size-large wp-image-102351 aligncenter\" src=\"https:\/\/eliselis.com\/wp-content\/uploads\/2022\/12\/iStock-1069531902-1024x684.jpg\" alt=\"\" width=\"840\" height=\"561\" srcset=\"http:\/\/hosting175681eu-cp704.wordpresstemporal.com\/wp-content\/uploads\/2022\/12\/iStock-1069531902-1024x684.jpg 1024w, http:\/\/hosting175681eu-cp704.wordpresstemporal.com\/wp-content\/uploads\/2022\/12\/iStock-1069531902-300x200.jpg 300w, http:\/\/hosting175681eu-cp704.wordpresstemporal.com\/wp-content\/uploads\/2022\/12\/iStock-1069531902-768x513.jpg 768w, http:\/\/hosting175681eu-cp704.wordpresstemporal.com\/wp-content\/uploads\/2022\/12\/iStock-1069531902-600x401.jpg 600w, http:\/\/hosting175681eu-cp704.wordpresstemporal.com\/wp-content\/uploads\/2022\/12\/iStock-1069531902.jpg 1152w\" sizes=\"(max-width: 840px) 100vw, 840px\" \/><\/a><\/p>\n<p><span style=\"font-weight: 400;\">La tradici\u00f3 consisteix a fer apar\u00e8ixer a casa un tros de tronc o branca gruixuda uns dies abans del dia de Nadal, col\u00b7locar-lo en algun rac\u00f3 abrigat amb una manta perqu\u00e8 no tingui fred i alimentar-lo di\u00e0riament amb restes de menjar fins a la nit m\u00e0gica del 24 de desembre, que el fem cagar molts regals cantant una can\u00e7\u00f3.\u00a0<\/span><\/p>\n<p><span style=\"font-weight: 400;\">A Elis Elis us proposem fer un ti\u00f3 amb un rotllo de paper de v\u00e0ter i cartolina<\/span><span style=\"font-weight: 400;\">. <\/span><span style=\"font-weight: 400;\">Fer un ti\u00f3 mai havia estat tan f\u00e0cil. Nom\u00e9s necessitar\u00e0s cartolina, el rotllo de paper de v\u00e0ter o de cuina, pintura i una mini barretina.\u00a0\u00a0<\/span><\/p>\n<p><span style=\"font-weight: 400;\">Dibuixa una cara ben simp\u00e0tica i riallera a la cartolina. La cara ha de ser de la mida de l\u2019extrem del rotllo. A continuaci\u00f3, amb pintura marr\u00f3 fes que el rotllo de paper de v\u00e0ter sembli un tronc i finalment enganxa amb cola la cara de cartolina i la barretina al rotllo de paper de v\u00e0ter.\u00a0<\/span><\/p>\n<p><span style=\"font-weight: 400;\">Ja tens un mini ti\u00f3! Si el cuides molt aquestes festes i el fas cagar la nit del 24 segur que et sorprendr\u00e0.\u00a0<\/span><\/p>\n<p><span style=\"font-weight: 400;\">Si vols compartir amb nosaltres les imatges dels teus treballs manuals o com has decorat la teva roba amb la <\/span><span style=\"font-weight: 400;\">nova c<a href=\"https:\/\/eliselis.com\/product-category\/iron-on-patches\/christmas-time\/\">ol\u00b7lecci\u00f3 especial de Nadal<\/a><\/span><span style=\"font-weight: 400;\"> al llarg d\u2019aquestes festes, ens encantaria veure-les!<\/span><\/p>\n<p>&nbsp;<\/p>\n","protected":false},"excerpt":{"rendered":"<p>El Nadal Arreu del m\u00f3n: manualitats i tradicions Com celebrem les festes de Nadal arreu del m\u00f3n?\u00a0 S\u2019acosta Nadal i [&hellip;]<\/p>\n","protected":false},"author":2,"featured_media":102354,"comment_status":"open","ping_status":"open","sticky":false,"template":"","format":"standard","meta":{"footnotes":""},"categories":[1],"tags":[],"class_list":["post-102344","post","type-post","status-publish","format-standard","has-post-thumbnail","hentry","category-sense-categoria"],"yoast_head":"<!-- This site is optimized with the Yoast SEO plugin v28.2 - https:\/\/yoast.com\/product\/yoast-seo-wordpress\/ -->\n<title>El Nadal Arreu del m\u00f3n: manualitats i tradicions - ELIS ELIS<\/title>\n<meta name=\"robots\" content=\"index, follow, max-snippet:-1, max-image-preview:large, max-video-preview:-1\" \/>\n<link rel=\"canonical\" href=\"http:\/\/hosting175681eu-cp704.wordpresstemporal.com\/ca\/el-nadal-arreu-del-mon-manualitats-i-tradicions\/\" \/>\n<meta property=\"og:locale\" content=\"ca_ES\" \/>\n<meta property=\"og:type\" content=\"article\" \/>\n<meta property=\"og:title\" content=\"El Nadal Arreu del m\u00f3n: manualitats i tradicions - ELIS ELIS\" \/>\n<meta property=\"og:description\" content=\"El Nadal Arreu del m\u00f3n: manualitats i tradicions Com celebrem les festes de Nadal arreu del m\u00f3n?\u00a0 S\u2019acosta Nadal i [&hellip;]\" \/>\n<meta property=\"og:url\" content=\"http:\/\/hosting175681eu-cp704.wordpresstemporal.com\/ca\/el-nadal-arreu-del-mon-manualitats-i-tradicions\/\" \/>\n<meta property=\"og:site_name\" content=\"ELIS ELIS\" \/>\n<meta property=\"article:published_time\" content=\"2022-12-15T11:12:37+00:00\" \/>\n<meta property=\"og:image\" content=\"http:\/\/hosting175681eu-cp704.wordpresstemporal.com\/wp-content\/uploads\/2022\/12\/iStock-1181849765.jpg\" \/>\n\t<meta property=\"og:image:width\" content=\"1981\" \/>\n\t<meta property=\"og:image:height\" content=\"1321\" \/>\n\t<meta property=\"og:image:type\" content=\"image\/jpeg\" \/>\n<meta name=\"author\" content=\"adminelis\" \/>\n<meta name=\"twitter:card\" content=\"summary_large_image\" \/>\n<meta name=\"twitter:label1\" content=\"Escrit per\" \/>\n\t<meta name=\"twitter:data1\" content=\"adminelis\" \/>\n\t<meta name=\"twitter:label2\" content=\"Temps estimat de lectura\" \/>\n\t<meta name=\"twitter:data2\" content=\"7 minuts\" \/>\n<script type=\"application\/ld+json\" class=\"yoast-schema-graph\">{\"@context\":\"https:\\\/\\\/schema.org\",\"@graph\":[{\"@type\":\"Article\",\"@id\":\"http:\\\/\\\/hosting175681eu-cp704.wordpresstemporal.com\\\/ca\\\/el-nadal-arreu-del-mon-manualitats-i-tradicions\\\/#article\",\"isPartOf\":{\"@id\":\"http:\\\/\\\/hosting175681eu-cp704.wordpresstemporal.com\\\/ca\\\/el-nadal-arreu-del-mon-manualitats-i-tradicions\\\/\"},\"author\":{\"name\":\"adminelis\",\"@id\":\"https:\\\/\\\/eliselis.com\\\/#\\\/schema\\\/person\\\/46c6219540a2978b537739c639c6ec44\"},\"headline\":\"El Nadal Arreu del m\u00f3n: manualitats i tradicions\",\"datePublished\":\"2022-12-15T11:12:37+00:00\",\"mainEntityOfPage\":{\"@id\":\"http:\\\/\\\/hosting175681eu-cp704.wordpresstemporal.com\\\/ca\\\/el-nadal-arreu-del-mon-manualitats-i-tradicions\\\/\"},\"wordCount\":1264,\"commentCount\":0,\"publisher\":{\"@id\":\"https:\\\/\\\/eliselis.com\\\/#organization\"},\"image\":{\"@id\":\"http:\\\/\\\/hosting175681eu-cp704.wordpresstemporal.com\\\/ca\\\/el-nadal-arreu-del-mon-manualitats-i-tradicions\\\/#primaryimage\"},\"thumbnailUrl\":\"http:\\\/\\\/hosting175681eu-cp704.wordpresstemporal.com\\\/wp-content\\\/uploads\\\/2022\\\/12\\\/iStock-1181849765.jpg\",\"inLanguage\":\"ca\",\"potentialAction\":[{\"@type\":\"CommentAction\",\"name\":\"Comment\",\"target\":[\"http:\\\/\\\/hosting175681eu-cp704.wordpresstemporal.com\\\/ca\\\/el-nadal-arreu-del-mon-manualitats-i-tradicions\\\/#respond\"]}]},{\"@type\":\"WebPage\",\"@id\":\"http:\\\/\\\/hosting175681eu-cp704.wordpresstemporal.com\\\/ca\\\/el-nadal-arreu-del-mon-manualitats-i-tradicions\\\/\",\"url\":\"http:\\\/\\\/hosting175681eu-cp704.wordpresstemporal.com\\\/ca\\\/el-nadal-arreu-del-mon-manualitats-i-tradicions\\\/\",\"name\":\"El Nadal Arreu del m\u00f3n: manualitats i tradicions - ELIS ELIS\",\"isPartOf\":{\"@id\":\"https:\\\/\\\/eliselis.com\\\/#website\"},\"primaryImageOfPage\":{\"@id\":\"http:\\\/\\\/hosting175681eu-cp704.wordpresstemporal.com\\\/ca\\\/el-nadal-arreu-del-mon-manualitats-i-tradicions\\\/#primaryimage\"},\"image\":{\"@id\":\"http:\\\/\\\/hosting175681eu-cp704.wordpresstemporal.com\\\/ca\\\/el-nadal-arreu-del-mon-manualitats-i-tradicions\\\/#primaryimage\"},\"thumbnailUrl\":\"http:\\\/\\\/hosting175681eu-cp704.wordpresstemporal.com\\\/wp-content\\\/uploads\\\/2022\\\/12\\\/iStock-1181849765.jpg\",\"datePublished\":\"2022-12-15T11:12:37+00:00\",\"breadcrumb\":{\"@id\":\"http:\\\/\\\/hosting175681eu-cp704.wordpresstemporal.com\\\/ca\\\/el-nadal-arreu-del-mon-manualitats-i-tradicions\\\/#breadcrumb\"},\"inLanguage\":\"ca\",\"potentialAction\":[{\"@type\":\"ReadAction\",\"target\":[\"http:\\\/\\\/hosting175681eu-cp704.wordpresstemporal.com\\\/ca\\\/el-nadal-arreu-del-mon-manualitats-i-tradicions\\\/\"]}]},{\"@type\":\"ImageObject\",\"inLanguage\":\"ca\",\"@id\":\"http:\\\/\\\/hosting175681eu-cp704.wordpresstemporal.com\\\/ca\\\/el-nadal-arreu-del-mon-manualitats-i-tradicions\\\/#primaryimage\",\"url\":\"http:\\\/\\\/hosting175681eu-cp704.wordpresstemporal.com\\\/wp-content\\\/uploads\\\/2022\\\/12\\\/iStock-1181849765.jpg\",\"contentUrl\":\"http:\\\/\\\/hosting175681eu-cp704.wordpresstemporal.com\\\/wp-content\\\/uploads\\\/2022\\\/12\\\/iStock-1181849765.jpg\",\"width\":1981,\"height\":1321,\"caption\":\"Family making Christmas cards together at home. Nikon D850.\"},{\"@type\":\"BreadcrumbList\",\"@id\":\"http:\\\/\\\/hosting175681eu-cp704.wordpresstemporal.com\\\/ca\\\/el-nadal-arreu-del-mon-manualitats-i-tradicions\\\/#breadcrumb\",\"itemListElement\":[{\"@type\":\"ListItem\",\"position\":1,\"name\":\"Inici\",\"item\":\"https:\\\/\\\/hosting175681eu-cp704.wordpresstemporal.com\\\/ca\\\/\"},{\"@type\":\"ListItem\",\"position\":2,\"name\":\"El Nadal Arreu del m\u00f3n: manualitats i tradicions\"}]},{\"@type\":\"WebSite\",\"@id\":\"https:\\\/\\\/eliselis.com\\\/#website\",\"url\":\"https:\\\/\\\/eliselis.com\\\/\",\"name\":\"ELIS ELIS\",\"description\":\"Design patches for fun days - Iron on patches\",\"publisher\":{\"@id\":\"https:\\\/\\\/eliselis.com\\\/#organization\"},\"potentialAction\":[{\"@type\":\"SearchAction\",\"target\":{\"@type\":\"EntryPoint\",\"urlTemplate\":\"https:\\\/\\\/eliselis.com\\\/?s={search_term_string}\"},\"query-input\":{\"@type\":\"PropertyValueSpecification\",\"valueRequired\":true,\"valueName\":\"search_term_string\"}}],\"inLanguage\":\"ca\"},{\"@type\":\"Organization\",\"@id\":\"https:\\\/\\\/eliselis.com\\\/#organization\",\"name\":\"ELIS ELIS\",\"url\":\"https:\\\/\\\/eliselis.com\\\/\",\"logo\":{\"@type\":\"ImageObject\",\"inLanguage\":\"ca\",\"@id\":\"https:\\\/\\\/eliselis.com\\\/#\\\/schema\\\/logo\\\/image\\\/\",\"url\":\"https:\\\/\\\/eliselis.com\\\/wp-content\\\/uploads\\\/2021\\\/06\\\/Logo-Elis-Elis-Color-1.png\",\"contentUrl\":\"https:\\\/\\\/eliselis.com\\\/wp-content\\\/uploads\\\/2021\\\/06\\\/Logo-Elis-Elis-Color-1.png\",\"width\":1920,\"height\":426,\"caption\":\"ELIS ELIS\"},\"image\":{\"@id\":\"https:\\\/\\\/eliselis.com\\\/#\\\/schema\\\/logo\\\/image\\\/\"},\"sameAs\":[\"https:\\\/\\\/www.instagram.com\\\/eliselisshop\\\/\"]},{\"@type\":\"Person\",\"@id\":\"https:\\\/\\\/eliselis.com\\\/#\\\/schema\\\/person\\\/46c6219540a2978b537739c639c6ec44\",\"name\":\"adminelis\",\"image\":{\"@type\":\"ImageObject\",\"inLanguage\":\"ca\",\"@id\":\"https:\\\/\\\/secure.gravatar.com\\\/avatar\\\/4d2d1a3f1a2801d06a7f6909400abef1d8ad12e8f38ddef26573be43651fde95?s=96&d=mm&r=g\",\"url\":\"https:\\\/\\\/secure.gravatar.com\\\/avatar\\\/4d2d1a3f1a2801d06a7f6909400abef1d8ad12e8f38ddef26573be43651fde95?s=96&d=mm&r=g\",\"contentUrl\":\"https:\\\/\\\/secure.gravatar.com\\\/avatar\\\/4d2d1a3f1a2801d06a7f6909400abef1d8ad12e8f38ddef26573be43651fde95?s=96&d=mm&r=g\",\"caption\":\"adminelis\"},\"url\":\"http:\\\/\\\/hosting175681eu-cp704.wordpresstemporal.com\\\/ca\\\/author\\\/adminelis\\\/\"}]}<\/script>\n<!-- \/ Yoast SEO plugin. -->","yoast_head_json":{"title":"El Nadal Arreu del m\u00f3n: manualitats i tradicions - ELIS ELIS","robots":{"index":"index","follow":"follow","max-snippet":"max-snippet:-1","max-image-preview":"max-image-preview:large","max-video-preview":"max-video-preview:-1"},"canonical":"http:\/\/hosting175681eu-cp704.wordpresstemporal.com\/ca\/el-nadal-arreu-del-mon-manualitats-i-tradicions\/","og_locale":"ca_ES","og_type":"article","og_title":"El Nadal Arreu del m\u00f3n: manualitats i tradicions - ELIS ELIS","og_description":"El Nadal Arreu del m\u00f3n: manualitats i tradicions Com celebrem les festes de Nadal arreu del m\u00f3n?\u00a0 S\u2019acosta Nadal i [&hellip;]","og_url":"http:\/\/hosting175681eu-cp704.wordpresstemporal.com\/ca\/el-nadal-arreu-del-mon-manualitats-i-tradicions\/","og_site_name":"ELIS ELIS","article_published_time":"2022-12-15T11:12:37+00:00","og_image":[{"width":1981,"height":1321,"url":"http:\/\/hosting175681eu-cp704.wordpresstemporal.com\/wp-content\/uploads\/2022\/12\/iStock-1181849765.jpg","type":"image\/jpeg"}],"author":"adminelis","twitter_card":"summary_large_image","twitter_misc":{"Escrit per":"adminelis","Temps estimat de lectura":"7 minuts"},"schema":{"@context":"https:\/\/schema.org","@graph":[{"@type":"Article","@id":"http:\/\/hosting175681eu-cp704.wordpresstemporal.com\/ca\/el-nadal-arreu-del-mon-manualitats-i-tradicions\/#article","isPartOf":{"@id":"http:\/\/hosting175681eu-cp704.wordpresstemporal.com\/ca\/el-nadal-arreu-del-mon-manualitats-i-tradicions\/"},"author":{"name":"adminelis","@id":"https:\/\/eliselis.com\/#\/schema\/person\/46c6219540a2978b537739c639c6ec44"},"headline":"El Nadal Arreu del m\u00f3n: manualitats i tradicions","datePublished":"2022-12-15T11:12:37+00:00","mainEntityOfPage":{"@id":"http:\/\/hosting175681eu-cp704.wordpresstemporal.com\/ca\/el-nadal-arreu-del-mon-manualitats-i-tradicions\/"},"wordCount":1264,"commentCount":0,"publisher":{"@id":"https:\/\/eliselis.com\/#organization"},"image":{"@id":"http:\/\/hosting175681eu-cp704.wordpresstemporal.com\/ca\/el-nadal-arreu-del-mon-manualitats-i-tradicions\/#primaryimage"},"thumbnailUrl":"http:\/\/hosting175681eu-cp704.wordpresstemporal.com\/wp-content\/uploads\/2022\/12\/iStock-1181849765.jpg","inLanguage":"ca","potentialAction":[{"@type":"CommentAction","name":"Comment","target":["http:\/\/hosting175681eu-cp704.wordpresstemporal.com\/ca\/el-nadal-arreu-del-mon-manualitats-i-tradicions\/#respond"]}]},{"@type":"WebPage","@id":"http:\/\/hosting175681eu-cp704.wordpresstemporal.com\/ca\/el-nadal-arreu-del-mon-manualitats-i-tradicions\/","url":"http:\/\/hosting175681eu-cp704.wordpresstemporal.com\/ca\/el-nadal-arreu-del-mon-manualitats-i-tradicions\/","name":"El Nadal Arreu del m\u00f3n: manualitats i tradicions - ELIS ELIS","isPartOf":{"@id":"https:\/\/eliselis.com\/#website"},"primaryImageOfPage":{"@id":"http:\/\/hosting175681eu-cp704.wordpresstemporal.com\/ca\/el-nadal-arreu-del-mon-manualitats-i-tradicions\/#primaryimage"},"image":{"@id":"http:\/\/hosting175681eu-cp704.wordpresstemporal.com\/ca\/el-nadal-arreu-del-mon-manualitats-i-tradicions\/#primaryimage"},"thumbnailUrl":"http:\/\/hosting175681eu-cp704.wordpresstemporal.com\/wp-content\/uploads\/2022\/12\/iStock-1181849765.jpg","datePublished":"2022-12-15T11:12:37+00:00","breadcrumb":{"@id":"http:\/\/hosting175681eu-cp704.wordpresstemporal.com\/ca\/el-nadal-arreu-del-mon-manualitats-i-tradicions\/#breadcrumb"},"inLanguage":"ca","potentialAction":[{"@type":"ReadAction","target":["http:\/\/hosting175681eu-cp704.wordpresstemporal.com\/ca\/el-nadal-arreu-del-mon-manualitats-i-tradicions\/"]}]},{"@type":"ImageObject","inLanguage":"ca","@id":"http:\/\/hosting175681eu-cp704.wordpresstemporal.com\/ca\/el-nadal-arreu-del-mon-manualitats-i-tradicions\/#primaryimage","url":"http:\/\/hosting175681eu-cp704.wordpresstemporal.com\/wp-content\/uploads\/2022\/12\/iStock-1181849765.jpg","contentUrl":"http:\/\/hosting175681eu-cp704.wordpresstemporal.com\/wp-content\/uploads\/2022\/12\/iStock-1181849765.jpg","width":1981,"height":1321,"caption":"Family making Christmas cards together at home. Nikon D850."},{"@type":"BreadcrumbList","@id":"http:\/\/hosting175681eu-cp704.wordpresstemporal.com\/ca\/el-nadal-arreu-del-mon-manualitats-i-tradicions\/#breadcrumb","itemListElement":[{"@type":"ListItem","position":1,"name":"Inici","item":"https:\/\/hosting175681eu-cp704.wordpresstemporal.com\/ca\/"},{"@type":"ListItem","position":2,"name":"El Nadal Arreu del m\u00f3n: manualitats i tradicions"}]},{"@type":"WebSite","@id":"https:\/\/eliselis.com\/#website","url":"https:\/\/eliselis.com\/","name":"ELIS ELIS","description":"Design patches for fun days - Iron on patches","publisher":{"@id":"https:\/\/eliselis.com\/#organization"},"potentialAction":[{"@type":"SearchAction","target":{"@type":"EntryPoint","urlTemplate":"https:\/\/eliselis.com\/?s={search_term_string}"},"query-input":{"@type":"PropertyValueSpecification","valueRequired":true,"valueName":"search_term_string"}}],"inLanguage":"ca"},{"@type":"Organization","@id":"https:\/\/eliselis.com\/#organization","name":"ELIS ELIS","url":"https:\/\/eliselis.com\/","logo":{"@type":"ImageObject","inLanguage":"ca","@id":"https:\/\/eliselis.com\/#\/schema\/logo\/image\/","url":"https:\/\/eliselis.com\/wp-content\/uploads\/2021\/06\/Logo-Elis-Elis-Color-1.png","contentUrl":"https:\/\/eliselis.com\/wp-content\/uploads\/2021\/06\/Logo-Elis-Elis-Color-1.png","width":1920,"height":426,"caption":"ELIS ELIS"},"image":{"@id":"https:\/\/eliselis.com\/#\/schema\/logo\/image\/"},"sameAs":["https:\/\/www.instagram.com\/eliselisshop\/"]},{"@type":"Person","@id":"https:\/\/eliselis.com\/#\/schema\/person\/46c6219540a2978b537739c639c6ec44","name":"adminelis","image":{"@type":"ImageObject","inLanguage":"ca","@id":"https:\/\/secure.gravatar.com\/avatar\/4d2d1a3f1a2801d06a7f6909400abef1d8ad12e8f38ddef26573be43651fde95?s=96&d=mm&r=g","url":"https:\/\/secure.gravatar.com\/avatar\/4d2d1a3f1a2801d06a7f6909400abef1d8ad12e8f38ddef26573be43651fde95?s=96&d=mm&r=g","contentUrl":"https:\/\/secure.gravatar.com\/avatar\/4d2d1a3f1a2801d06a7f6909400abef1d8ad12e8f38ddef26573be43651fde95?s=96&d=mm&r=g","caption":"adminelis"},"url":"http:\/\/hosting175681eu-cp704.wordpresstemporal.com\/ca\/author\/adminelis\/"}]}},"_links":{"self":[{"href":"http:\/\/hosting175681eu-cp704.wordpresstemporal.com\/ca\/wp-json\/wp\/v2\/posts\/102344","targetHints":{"allow":["GET"]}}],"collection":[{"href":"http:\/\/hosting175681eu-cp704.wordpresstemporal.com\/ca\/wp-json\/wp\/v2\/posts"}],"about":[{"href":"http:\/\/hosting175681eu-cp704.wordpresstemporal.com\/ca\/wp-json\/wp\/v2\/types\/post"}],"author":[{"embeddable":true,"href":"http:\/\/hosting175681eu-cp704.wordpresstemporal.com\/ca\/wp-json\/wp\/v2\/users\/2"}],"replies":[{"embeddable":true,"href":"http:\/\/hosting175681eu-cp704.wordpresstemporal.com\/ca\/wp-json\/wp\/v2\/comments?post=102344"}],"version-history":[{"count":0,"href":"http:\/\/hosting175681eu-cp704.wordpresstemporal.com\/ca\/wp-json\/wp\/v2\/posts\/102344\/revisions"}],"wp:featuredmedia":[{"embeddable":true,"href":"http:\/\/hosting175681eu-cp704.wordpresstemporal.com\/ca\/wp-json\/wp\/v2\/media\/102354"}],"wp:attachment":[{"href":"http:\/\/hosting175681eu-cp704.wordpresstemporal.com\/ca\/wp-json\/wp\/v2\/media?parent=102344"}],"wp:term":[{"taxonomy":"category","embeddable":true,"href":"http:\/\/hosting175681eu-cp704.wordpresstemporal.com\/ca\/wp-json\/wp\/v2\/categories?post=102344"},{"taxonomy":"post_tag","embeddable":true,"href":"http:\/\/hosting175681eu-cp704.wordpresstemporal.com\/ca\/wp-json\/wp\/v2\/tags?post=102344"}],"curies":[{"name":"wp","href":"https:\/\/api.w.org\/{rel}","templated":true}]}}