{"id":101778,"date":"2022-09-27T09:54:13","date_gmt":"2022-09-27T07:54:13","guid":{"rendered":"https:\/\/eliselis.com\/?p=101778"},"modified":"2022-10-26T09:54:31","modified_gmt":"2022-10-26T07:54:31","slug":"manualitats-per-afavorir-la-creativitat-dels-nens-aquesta-tardor","status":"publish","type":"post","link":"https:\/\/hosting175681eu-cp704.wordpresstemporal.com\/ca\/manualitats-per-afavorir-la-creativitat-dels-nens-aquesta-tardor\/","title":{"rendered":"Manualitats per afavorir la creativitat dels nens aquesta tardor"},"content":{"rendered":"<h1>Manualitats per afavorir la creativitat dels nens aquesta tardor<\/h1>\n<h2><b>Prepareu-vos per a la millor temporada de l&#8217;any amb aquesta col\u00b7lecci\u00f3 de treballs manuals per la tardor!<\/b><\/h2>\n<p><span style=\"font-weight: 400;\">Aquest 23 de setembre entrem a l&#8217;estaci\u00f3 m\u00e9s taronja de l&#8217;any, amb les seves delicioses fruites i verdures de temporada, els seus dies cada vegada m\u00e9s curts i la seva caiguda de les fulles dels arbres. Aprofita les coses t\u00edpiques d&#8217;aquesta estaci\u00f3 per deixar volar la imaginaci\u00f3.<\/span><\/p>\n<p><span style=\"font-weight: 400;\">A Elis Elis volem formar part sempre de la vostra faceta m\u00e9s art\u00edstica i per aix\u00f2 us portem algunes idees de manualitats per gaudir al m\u00e0xim de la tardor i ser m\u00e9s creatius que mai, fent coses boniques amb tot el que ens ofereix la natura, fulles, castanyes&#8230; combinant-ho de vegades amb material que podem reciclar a casa donant-li una nova vida.<\/span><\/p>\n<p><span style=\"font-weight: 400;\">Comencem amb una proposta divertida i entretinguda, perfecta per passar una tarda llarga en fam\u00edlia o amb amics. Acompanyeu els m\u00e9s petits de la casa a recollir el material que necessitaran per a fer les manualitats m\u00e9s bestials.<\/span><\/p>\n<h4><strong>1.M\u00e0scares de tardor amb fulles<\/strong><\/h4>\n<p><span style=\"font-weight: 400;\">Recull fulles grans del terra i asseca-les. Per a premsar-les necessites uns llibres que tinguin cert pes: introdueix-les dins, separades una a una en diferents p\u00e0gines, i despr\u00e9s col\u00b7loca molt pes damunt. Despr\u00e9s d&#8217;uns dies pots treure-les i pintar-les com vulguis, creant diferents m\u00e0scares amb un disseny \u00fanic i propi. En qu\u00e8 us convertireu en superherois? Vilans? O animals<\/span><\/p>\n<p><a href=\"https:\/\/eliselis.com\/wp-content\/uploads\/2022\/09\/iStock-1279164952-1.jpg\"><img decoding=\"async\" class=\"size-large wp-image-101790 aligncenter\" src=\"https:\/\/eliselis.com\/wp-content\/uploads\/2022\/09\/iStock-1279164952-1-1024x681.jpg\" alt=\"\" width=\"840\" height=\"559\" srcset=\"https:\/\/hosting175681eu-cp704.wordpresstemporal.com\/wp-content\/uploads\/2022\/09\/iStock-1279164952-1-1024x681.jpg 1024w, https:\/\/hosting175681eu-cp704.wordpresstemporal.com\/wp-content\/uploads\/2022\/09\/iStock-1279164952-1-300x199.jpg 300w, https:\/\/hosting175681eu-cp704.wordpresstemporal.com\/wp-content\/uploads\/2022\/09\/iStock-1279164952-1-768x511.jpg 768w, https:\/\/hosting175681eu-cp704.wordpresstemporal.com\/wp-content\/uploads\/2022\/09\/iStock-1279164952-1-600x399.jpg 600w, https:\/\/hosting175681eu-cp704.wordpresstemporal.com\/wp-content\/uploads\/2022\/09\/iStock-1279164952-1.jpg 1444w\" sizes=\"(max-width: 840px) 100vw, 840px\" \/><\/a><\/p>\n<h4><b>2.Eri\u00e7\u00f3 amb fulles recollides despr\u00e9s d\u2019un passeig<\/b><\/h4>\n<p><span style=\"font-weight: 400;\">Aquesta \u00e9s una bona opci\u00f3 si heu sortit a fer una passejada i heu recol\u00b7lectat fulles seques, especialment de les que tenen vores serrades. Dibuixeu la silueta de l&#8217;eri\u00e7\u00f3 en un paper i cobriu de fulles tota l&#8217;\u00e0rea del cos. Donant-li un aspecte arrodonit i una grand\u00e0ria proporcional a l\u2019animal\u00f3.\u00a0<\/span><\/p>\n<p><a href=\"https:\/\/eliselis.com\/wp-content\/uploads\/2022\/09\/iStock-1266289332.jpg\"><img decoding=\"async\" class=\"size-large wp-image-101796 aligncenter\" src=\"https:\/\/eliselis.com\/wp-content\/uploads\/2022\/09\/iStock-1266289332-1024x683.jpg\" alt=\"\" width=\"840\" height=\"560\" srcset=\"https:\/\/hosting175681eu-cp704.wordpresstemporal.com\/wp-content\/uploads\/2022\/09\/iStock-1266289332-1024x683.jpg 1024w, https:\/\/hosting175681eu-cp704.wordpresstemporal.com\/wp-content\/uploads\/2022\/09\/iStock-1266289332-300x200.jpg 300w, https:\/\/hosting175681eu-cp704.wordpresstemporal.com\/wp-content\/uploads\/2022\/09\/iStock-1266289332-768x512.jpg 768w, https:\/\/hosting175681eu-cp704.wordpresstemporal.com\/wp-content\/uploads\/2022\/09\/iStock-1266289332-600x400.jpg 600w, https:\/\/hosting175681eu-cp704.wordpresstemporal.com\/wp-content\/uploads\/2022\/09\/iStock-1266289332.jpg 1296w\" sizes=\"(max-width: 840px) 100vw, 840px\" \/><\/a><\/p>\n<h4><b>3.Manualitats de tardor amb glans<\/b><\/h4>\n<p><b><\/b>Les glans<span style=\"font-weight: 400;\"> s\u00f3n un element natural fant\u00e0stic per realitzar manualitats. En els nostres boscos podem trobar molt f\u00e0cilment aquest fruit que ens servir\u00e0 per fer magn\u00edfiques manualitats. Us deixem algunes idees molt senzilles que podem portar a cap amb glans. Quants animalons sou capa\u00e7os de fer amb ells?<\/span><\/p>\n<p><a href=\"https:\/\/eliselis.com\/wp-content\/uploads\/2022\/09\/iStock-1037007938.jpg\"><img decoding=\"async\" class=\"size-large wp-image-101802 aligncenter\" src=\"https:\/\/eliselis.com\/wp-content\/uploads\/2022\/09\/iStock-1037007938-1024x683.jpg\" alt=\"\" width=\"840\" height=\"560\" srcset=\"https:\/\/hosting175681eu-cp704.wordpresstemporal.com\/wp-content\/uploads\/2022\/09\/iStock-1037007938-1024x683.jpg 1024w, https:\/\/hosting175681eu-cp704.wordpresstemporal.com\/wp-content\/uploads\/2022\/09\/iStock-1037007938-300x200.jpg 300w, https:\/\/hosting175681eu-cp704.wordpresstemporal.com\/wp-content\/uploads\/2022\/09\/iStock-1037007938-768x512.jpg 768w, https:\/\/hosting175681eu-cp704.wordpresstemporal.com\/wp-content\/uploads\/2022\/09\/iStock-1037007938-1536x1024.jpg 1536w, https:\/\/hosting175681eu-cp704.wordpresstemporal.com\/wp-content\/uploads\/2022\/09\/iStock-1037007938-600x400.jpg 600w, https:\/\/hosting175681eu-cp704.wordpresstemporal.com\/wp-content\/uploads\/2022\/09\/iStock-1037007938.jpg 1800w\" sizes=\"(max-width: 840px) 100vw, 840px\" \/><\/a><\/p>\n<h4><b>4.Dibuixar sobre les pedres personatges de <\/b><b><i>Halloween<\/i><\/b><\/h4>\n<p><span style=\"font-weight: 400;\">Pintar pedres pot ser una activitat entretinguda per fer amb la mainada qualsevol tarda de pluja&#8230; La veritat \u00e9s que les manualitats amb pedres \u00e9s una cosa original i en el que poques vegades pensem, quan \u00e9s un material que tenim a l&#8217;abast de la m\u00e0, f\u00e0cil i divertit qu\u00e8 m\u00e9s es pot demanar? Utilitzeu la vostra imaginaci\u00f3 i creeu les pedres m\u00e9s terror\u00edfiques per aquest Halloween!<\/span><\/p>\n<p><a href=\"https:\/\/eliselis.com\/wp-content\/uploads\/2022\/09\/iStock-1273123942.jpg\"><img decoding=\"async\" class=\"size-large wp-image-101793 aligncenter\" src=\"https:\/\/eliselis.com\/wp-content\/uploads\/2022\/09\/iStock-1273123942-1024x681.jpg\" alt=\"\" width=\"840\" height=\"559\" srcset=\"https:\/\/hosting175681eu-cp704.wordpresstemporal.com\/wp-content\/uploads\/2022\/09\/iStock-1273123942-1024x681.jpg 1024w, https:\/\/hosting175681eu-cp704.wordpresstemporal.com\/wp-content\/uploads\/2022\/09\/iStock-1273123942-300x199.jpg 300w, https:\/\/hosting175681eu-cp704.wordpresstemporal.com\/wp-content\/uploads\/2022\/09\/iStock-1273123942-768x511.jpg 768w, https:\/\/hosting175681eu-cp704.wordpresstemporal.com\/wp-content\/uploads\/2022\/09\/iStock-1273123942-600x399.jpg 600w, https:\/\/hosting175681eu-cp704.wordpresstemporal.com\/wp-content\/uploads\/2022\/09\/iStock-1273123942.jpg 1444w\" sizes=\"(max-width: 840px) 100vw, 840px\" \/><\/a><\/p>\n<h4><strong>5.<b><\/b><\/strong><b>Figures de castany<\/b><b>a<\/b><\/h4>\n<p><span style=\"font-weight: 400;\">Segur que passejant pel carrer t&#8217;has trobat alguna castanya. Pots aprofitar aquests passejos per a recollir-ne unes quantes i despr\u00e9s fer figures de castanya com aquestes. Crea el personatge que vulguis, no hi ha l\u00edmits!<\/span><\/p>\n<p><a href=\"https:\/\/eliselis.com\/wp-content\/uploads\/2022\/09\/iStock-1096020542.jpg\"><img decoding=\"async\" class=\"size-large wp-image-101799 aligncenter\" src=\"https:\/\/eliselis.com\/wp-content\/uploads\/2022\/09\/iStock-1096020542-1024x683.jpg\" alt=\"\" width=\"840\" height=\"560\" srcset=\"https:\/\/hosting175681eu-cp704.wordpresstemporal.com\/wp-content\/uploads\/2022\/09\/iStock-1096020542-1024x683.jpg 1024w, https:\/\/hosting175681eu-cp704.wordpresstemporal.com\/wp-content\/uploads\/2022\/09\/iStock-1096020542-300x200.jpg 300w, https:\/\/hosting175681eu-cp704.wordpresstemporal.com\/wp-content\/uploads\/2022\/09\/iStock-1096020542-768x512.jpg 768w, https:\/\/hosting175681eu-cp704.wordpresstemporal.com\/wp-content\/uploads\/2022\/09\/iStock-1096020542-1536x1024.jpg 1536w, https:\/\/hosting175681eu-cp704.wordpresstemporal.com\/wp-content\/uploads\/2022\/09\/iStock-1096020542-600x400.jpg 600w, https:\/\/hosting175681eu-cp704.wordpresstemporal.com\/wp-content\/uploads\/2022\/09\/iStock-1096020542.jpg 1800w\" sizes=\"(max-width: 840px) 100vw, 840px\" \/><\/a><\/p>\n<p><span style=\"font-weight: 400;\">Si vols compartir amb nosaltres les imatges dels teus treballs manuals ens encantaria veure\u2019ls!<\/span><\/p>\n<p>&nbsp;<\/p>\n","protected":false},"excerpt":{"rendered":"<p>Manualitats per afavorir la creativitat dels nens aquesta tardor Prepareu-vos per a la millor temporada de l&#8217;any amb aquesta col\u00b7lecci\u00f3 [&hellip;]<\/p>\n","protected":false},"author":2,"featured_media":101790,"comment_status":"open","ping_status":"open","sticky":false,"template":"","format":"standard","meta":{"footnotes":""},"categories":[1],"tags":[],"class_list":["post-101778","post","type-post","status-publish","format-standard","has-post-thumbnail","hentry","category-sense-categoria"],"yoast_head":"<!-- This site is optimized with the Yoast SEO plugin v28.2 - https:\/\/yoast.com\/product\/yoast-seo-wordpress\/ -->\n<title>Manualitats per afavorir la creativitat dels nens aquesta tardor - ELIS ELIS<\/title>\n<meta name=\"robots\" content=\"index, follow, max-snippet:-1, max-image-preview:large, max-video-preview:-1\" \/>\n<link rel=\"canonical\" href=\"https:\/\/hosting175681eu-cp704.wordpresstemporal.com\/ca\/manualitats-per-afavorir-la-creativitat-dels-nens-aquesta-tardor\/\" \/>\n<meta property=\"og:locale\" content=\"ca_ES\" \/>\n<meta property=\"og:type\" content=\"article\" \/>\n<meta property=\"og:title\" content=\"Manualitats per afavorir la creativitat dels nens aquesta tardor - ELIS ELIS\" \/>\n<meta property=\"og:description\" content=\"Manualitats per afavorir la creativitat dels nens aquesta tardor Prepareu-vos per a la millor temporada de l&#8217;any amb aquesta col\u00b7lecci\u00f3 [&hellip;]\" \/>\n<meta property=\"og:url\" content=\"https:\/\/hosting175681eu-cp704.wordpresstemporal.com\/ca\/manualitats-per-afavorir-la-creativitat-dels-nens-aquesta-tardor\/\" \/>\n<meta property=\"og:site_name\" content=\"ELIS ELIS\" \/>\n<meta property=\"article:published_time\" content=\"2022-09-27T07:54:13+00:00\" \/>\n<meta property=\"article:modified_time\" content=\"2022-10-26T07:54:31+00:00\" \/>\n<meta property=\"og:image\" content=\"https:\/\/hosting175681eu-cp704.wordpresstemporal.com\/wp-content\/uploads\/2022\/09\/iStock-1279164952-1.jpg\" \/>\n\t<meta property=\"og:image:width\" content=\"1444\" \/>\n\t<meta property=\"og:image:height\" content=\"960\" \/>\n\t<meta property=\"og:image:type\" content=\"image\/jpeg\" \/>\n<meta name=\"author\" content=\"adminelis\" \/>\n<meta name=\"twitter:card\" content=\"summary_large_image\" \/>\n<meta name=\"twitter:label1\" content=\"Escrit per\" \/>\n\t<meta name=\"twitter:data1\" content=\"adminelis\" \/>\n\t<meta name=\"twitter:label2\" content=\"Temps estimat de lectura\" \/>\n\t<meta name=\"twitter:data2\" content=\"4 minuts\" \/>\n<script type=\"application\/ld+json\" class=\"yoast-schema-graph\">{\"@context\":\"https:\\\/\\\/schema.org\",\"@graph\":[{\"@type\":\"Article\",\"@id\":\"https:\\\/\\\/hosting175681eu-cp704.wordpresstemporal.com\\\/ca\\\/manualitats-per-afavorir-la-creativitat-dels-nens-aquesta-tardor\\\/#article\",\"isPartOf\":{\"@id\":\"https:\\\/\\\/hosting175681eu-cp704.wordpresstemporal.com\\\/ca\\\/manualitats-per-afavorir-la-creativitat-dels-nens-aquesta-tardor\\\/\"},\"author\":{\"name\":\"adminelis\",\"@id\":\"https:\\\/\\\/eliselis.com\\\/#\\\/schema\\\/person\\\/46c6219540a2978b537739c639c6ec44\"},\"headline\":\"Manualitats per afavorir la creativitat dels nens aquesta tardor\",\"datePublished\":\"2022-09-27T07:54:13+00:00\",\"dateModified\":\"2022-10-26T07:54:31+00:00\",\"mainEntityOfPage\":{\"@id\":\"https:\\\/\\\/hosting175681eu-cp704.wordpresstemporal.com\\\/ca\\\/manualitats-per-afavorir-la-creativitat-dels-nens-aquesta-tardor\\\/\"},\"wordCount\":526,\"commentCount\":0,\"publisher\":{\"@id\":\"https:\\\/\\\/eliselis.com\\\/#organization\"},\"image\":{\"@id\":\"https:\\\/\\\/hosting175681eu-cp704.wordpresstemporal.com\\\/ca\\\/manualitats-per-afavorir-la-creativitat-dels-nens-aquesta-tardor\\\/#primaryimage\"},\"thumbnailUrl\":\"https:\\\/\\\/hosting175681eu-cp704.wordpresstemporal.com\\\/wp-content\\\/uploads\\\/2022\\\/09\\\/iStock-1279164952-1.jpg\",\"inLanguage\":\"ca\",\"potentialAction\":[{\"@type\":\"CommentAction\",\"name\":\"Comment\",\"target\":[\"https:\\\/\\\/hosting175681eu-cp704.wordpresstemporal.com\\\/ca\\\/manualitats-per-afavorir-la-creativitat-dels-nens-aquesta-tardor\\\/#respond\"]}]},{\"@type\":\"WebPage\",\"@id\":\"https:\\\/\\\/hosting175681eu-cp704.wordpresstemporal.com\\\/ca\\\/manualitats-per-afavorir-la-creativitat-dels-nens-aquesta-tardor\\\/\",\"url\":\"https:\\\/\\\/hosting175681eu-cp704.wordpresstemporal.com\\\/ca\\\/manualitats-per-afavorir-la-creativitat-dels-nens-aquesta-tardor\\\/\",\"name\":\"Manualitats per afavorir la creativitat dels nens aquesta tardor - ELIS ELIS\",\"isPartOf\":{\"@id\":\"https:\\\/\\\/eliselis.com\\\/#website\"},\"primaryImageOfPage\":{\"@id\":\"https:\\\/\\\/hosting175681eu-cp704.wordpresstemporal.com\\\/ca\\\/manualitats-per-afavorir-la-creativitat-dels-nens-aquesta-tardor\\\/#primaryimage\"},\"image\":{\"@id\":\"https:\\\/\\\/hosting175681eu-cp704.wordpresstemporal.com\\\/ca\\\/manualitats-per-afavorir-la-creativitat-dels-nens-aquesta-tardor\\\/#primaryimage\"},\"thumbnailUrl\":\"https:\\\/\\\/hosting175681eu-cp704.wordpresstemporal.com\\\/wp-content\\\/uploads\\\/2022\\\/09\\\/iStock-1279164952-1.jpg\",\"datePublished\":\"2022-09-27T07:54:13+00:00\",\"dateModified\":\"2022-10-26T07:54:31+00:00\",\"breadcrumb\":{\"@id\":\"https:\\\/\\\/hosting175681eu-cp704.wordpresstemporal.com\\\/ca\\\/manualitats-per-afavorir-la-creativitat-dels-nens-aquesta-tardor\\\/#breadcrumb\"},\"inLanguage\":\"ca\",\"potentialAction\":[{\"@type\":\"ReadAction\",\"target\":[\"https:\\\/\\\/hosting175681eu-cp704.wordpresstemporal.com\\\/ca\\\/manualitats-per-afavorir-la-creativitat-dels-nens-aquesta-tardor\\\/\"]}]},{\"@type\":\"ImageObject\",\"inLanguage\":\"ca\",\"@id\":\"https:\\\/\\\/hosting175681eu-cp704.wordpresstemporal.com\\\/ca\\\/manualitats-per-afavorir-la-creativitat-dels-nens-aquesta-tardor\\\/#primaryimage\",\"url\":\"https:\\\/\\\/hosting175681eu-cp704.wordpresstemporal.com\\\/wp-content\\\/uploads\\\/2022\\\/09\\\/iStock-1279164952-1.jpg\",\"contentUrl\":\"https:\\\/\\\/hosting175681eu-cp704.wordpresstemporal.com\\\/wp-content\\\/uploads\\\/2022\\\/09\\\/iStock-1279164952-1.jpg\",\"width\":1444,\"height\":960,\"caption\":\"Mask painted on maple leaf. Drawing on autumn leaves. Fox mask for autumn carnival or party. Art project for children. DIY concept\"},{\"@type\":\"BreadcrumbList\",\"@id\":\"https:\\\/\\\/hosting175681eu-cp704.wordpresstemporal.com\\\/ca\\\/manualitats-per-afavorir-la-creativitat-dels-nens-aquesta-tardor\\\/#breadcrumb\",\"itemListElement\":[{\"@type\":\"ListItem\",\"position\":1,\"name\":\"Inici\",\"item\":\"https:\\\/\\\/hosting175681eu-cp704.wordpresstemporal.com\\\/ca\\\/\"},{\"@type\":\"ListItem\",\"position\":2,\"name\":\"Manualitats per afavorir la creativitat dels nens aquesta tardor\"}]},{\"@type\":\"WebSite\",\"@id\":\"https:\\\/\\\/eliselis.com\\\/#website\",\"url\":\"https:\\\/\\\/eliselis.com\\\/\",\"name\":\"ELIS ELIS\",\"description\":\"Design patches for fun days - Iron on patches\",\"publisher\":{\"@id\":\"https:\\\/\\\/eliselis.com\\\/#organization\"},\"potentialAction\":[{\"@type\":\"SearchAction\",\"target\":{\"@type\":\"EntryPoint\",\"urlTemplate\":\"https:\\\/\\\/eliselis.com\\\/?s={search_term_string}\"},\"query-input\":{\"@type\":\"PropertyValueSpecification\",\"valueRequired\":true,\"valueName\":\"search_term_string\"}}],\"inLanguage\":\"ca\"},{\"@type\":\"Organization\",\"@id\":\"https:\\\/\\\/eliselis.com\\\/#organization\",\"name\":\"ELIS ELIS\",\"url\":\"https:\\\/\\\/eliselis.com\\\/\",\"logo\":{\"@type\":\"ImageObject\",\"inLanguage\":\"ca\",\"@id\":\"https:\\\/\\\/eliselis.com\\\/#\\\/schema\\\/logo\\\/image\\\/\",\"url\":\"https:\\\/\\\/eliselis.com\\\/wp-content\\\/uploads\\\/2021\\\/06\\\/Logo-Elis-Elis-Color-1.png\",\"contentUrl\":\"https:\\\/\\\/eliselis.com\\\/wp-content\\\/uploads\\\/2021\\\/06\\\/Logo-Elis-Elis-Color-1.png\",\"width\":1920,\"height\":426,\"caption\":\"ELIS ELIS\"},\"image\":{\"@id\":\"https:\\\/\\\/eliselis.com\\\/#\\\/schema\\\/logo\\\/image\\\/\"},\"sameAs\":[\"https:\\\/\\\/www.instagram.com\\\/eliselisshop\\\/\"]},{\"@type\":\"Person\",\"@id\":\"https:\\\/\\\/eliselis.com\\\/#\\\/schema\\\/person\\\/46c6219540a2978b537739c639c6ec44\",\"name\":\"adminelis\",\"image\":{\"@type\":\"ImageObject\",\"inLanguage\":\"ca\",\"@id\":\"https:\\\/\\\/secure.gravatar.com\\\/avatar\\\/4d2d1a3f1a2801d06a7f6909400abef1d8ad12e8f38ddef26573be43651fde95?s=96&d=mm&r=g\",\"url\":\"https:\\\/\\\/secure.gravatar.com\\\/avatar\\\/4d2d1a3f1a2801d06a7f6909400abef1d8ad12e8f38ddef26573be43651fde95?s=96&d=mm&r=g\",\"contentUrl\":\"https:\\\/\\\/secure.gravatar.com\\\/avatar\\\/4d2d1a3f1a2801d06a7f6909400abef1d8ad12e8f38ddef26573be43651fde95?s=96&d=mm&r=g\",\"caption\":\"adminelis\"},\"url\":\"https:\\\/\\\/hosting175681eu-cp704.wordpresstemporal.com\\\/ca\\\/author\\\/adminelis\\\/\"}]}<\/script>\n<!-- \/ Yoast SEO plugin. -->","yoast_head_json":{"title":"Manualitats per afavorir la creativitat dels nens aquesta tardor - ELIS ELIS","robots":{"index":"index","follow":"follow","max-snippet":"max-snippet:-1","max-image-preview":"max-image-preview:large","max-video-preview":"max-video-preview:-1"},"canonical":"https:\/\/hosting175681eu-cp704.wordpresstemporal.com\/ca\/manualitats-per-afavorir-la-creativitat-dels-nens-aquesta-tardor\/","og_locale":"ca_ES","og_type":"article","og_title":"Manualitats per afavorir la creativitat dels nens aquesta tardor - ELIS ELIS","og_description":"Manualitats per afavorir la creativitat dels nens aquesta tardor Prepareu-vos per a la millor temporada de l&#8217;any amb aquesta col\u00b7lecci\u00f3 [&hellip;]","og_url":"https:\/\/hosting175681eu-cp704.wordpresstemporal.com\/ca\/manualitats-per-afavorir-la-creativitat-dels-nens-aquesta-tardor\/","og_site_name":"ELIS ELIS","article_published_time":"2022-09-27T07:54:13+00:00","article_modified_time":"2022-10-26T07:54:31+00:00","og_image":[{"width":1444,"height":960,"url":"https:\/\/hosting175681eu-cp704.wordpresstemporal.com\/wp-content\/uploads\/2022\/09\/iStock-1279164952-1.jpg","type":"image\/jpeg"}],"author":"adminelis","twitter_card":"summary_large_image","twitter_misc":{"Escrit per":"adminelis","Temps estimat de lectura":"4 minuts"},"schema":{"@context":"https:\/\/schema.org","@graph":[{"@type":"Article","@id":"https:\/\/hosting175681eu-cp704.wordpresstemporal.com\/ca\/manualitats-per-afavorir-la-creativitat-dels-nens-aquesta-tardor\/#article","isPartOf":{"@id":"https:\/\/hosting175681eu-cp704.wordpresstemporal.com\/ca\/manualitats-per-afavorir-la-creativitat-dels-nens-aquesta-tardor\/"},"author":{"name":"adminelis","@id":"https:\/\/eliselis.com\/#\/schema\/person\/46c6219540a2978b537739c639c6ec44"},"headline":"Manualitats per afavorir la creativitat dels nens aquesta tardor","datePublished":"2022-09-27T07:54:13+00:00","dateModified":"2022-10-26T07:54:31+00:00","mainEntityOfPage":{"@id":"https:\/\/hosting175681eu-cp704.wordpresstemporal.com\/ca\/manualitats-per-afavorir-la-creativitat-dels-nens-aquesta-tardor\/"},"wordCount":526,"commentCount":0,"publisher":{"@id":"https:\/\/eliselis.com\/#organization"},"image":{"@id":"https:\/\/hosting175681eu-cp704.wordpresstemporal.com\/ca\/manualitats-per-afavorir-la-creativitat-dels-nens-aquesta-tardor\/#primaryimage"},"thumbnailUrl":"https:\/\/hosting175681eu-cp704.wordpresstemporal.com\/wp-content\/uploads\/2022\/09\/iStock-1279164952-1.jpg","inLanguage":"ca","potentialAction":[{"@type":"CommentAction","name":"Comment","target":["https:\/\/hosting175681eu-cp704.wordpresstemporal.com\/ca\/manualitats-per-afavorir-la-creativitat-dels-nens-aquesta-tardor\/#respond"]}]},{"@type":"WebPage","@id":"https:\/\/hosting175681eu-cp704.wordpresstemporal.com\/ca\/manualitats-per-afavorir-la-creativitat-dels-nens-aquesta-tardor\/","url":"https:\/\/hosting175681eu-cp704.wordpresstemporal.com\/ca\/manualitats-per-afavorir-la-creativitat-dels-nens-aquesta-tardor\/","name":"Manualitats per afavorir la creativitat dels nens aquesta tardor - ELIS ELIS","isPartOf":{"@id":"https:\/\/eliselis.com\/#website"},"primaryImageOfPage":{"@id":"https:\/\/hosting175681eu-cp704.wordpresstemporal.com\/ca\/manualitats-per-afavorir-la-creativitat-dels-nens-aquesta-tardor\/#primaryimage"},"image":{"@id":"https:\/\/hosting175681eu-cp704.wordpresstemporal.com\/ca\/manualitats-per-afavorir-la-creativitat-dels-nens-aquesta-tardor\/#primaryimage"},"thumbnailUrl":"https:\/\/hosting175681eu-cp704.wordpresstemporal.com\/wp-content\/uploads\/2022\/09\/iStock-1279164952-1.jpg","datePublished":"2022-09-27T07:54:13+00:00","dateModified":"2022-10-26T07:54:31+00:00","breadcrumb":{"@id":"https:\/\/hosting175681eu-cp704.wordpresstemporal.com\/ca\/manualitats-per-afavorir-la-creativitat-dels-nens-aquesta-tardor\/#breadcrumb"},"inLanguage":"ca","potentialAction":[{"@type":"ReadAction","target":["https:\/\/hosting175681eu-cp704.wordpresstemporal.com\/ca\/manualitats-per-afavorir-la-creativitat-dels-nens-aquesta-tardor\/"]}]},{"@type":"ImageObject","inLanguage":"ca","@id":"https:\/\/hosting175681eu-cp704.wordpresstemporal.com\/ca\/manualitats-per-afavorir-la-creativitat-dels-nens-aquesta-tardor\/#primaryimage","url":"https:\/\/hosting175681eu-cp704.wordpresstemporal.com\/wp-content\/uploads\/2022\/09\/iStock-1279164952-1.jpg","contentUrl":"https:\/\/hosting175681eu-cp704.wordpresstemporal.com\/wp-content\/uploads\/2022\/09\/iStock-1279164952-1.jpg","width":1444,"height":960,"caption":"Mask painted on maple leaf. Drawing on autumn leaves. Fox mask for autumn carnival or party. Art project for children. DIY concept"},{"@type":"BreadcrumbList","@id":"https:\/\/hosting175681eu-cp704.wordpresstemporal.com\/ca\/manualitats-per-afavorir-la-creativitat-dels-nens-aquesta-tardor\/#breadcrumb","itemListElement":[{"@type":"ListItem","position":1,"name":"Inici","item":"https:\/\/hosting175681eu-cp704.wordpresstemporal.com\/ca\/"},{"@type":"ListItem","position":2,"name":"Manualitats per afavorir la creativitat dels nens aquesta tardor"}]},{"@type":"WebSite","@id":"https:\/\/eliselis.com\/#website","url":"https:\/\/eliselis.com\/","name":"ELIS ELIS","description":"Design patches for fun days - Iron on patches","publisher":{"@id":"https:\/\/eliselis.com\/#organization"},"potentialAction":[{"@type":"SearchAction","target":{"@type":"EntryPoint","urlTemplate":"https:\/\/eliselis.com\/?s={search_term_string}"},"query-input":{"@type":"PropertyValueSpecification","valueRequired":true,"valueName":"search_term_string"}}],"inLanguage":"ca"},{"@type":"Organization","@id":"https:\/\/eliselis.com\/#organization","name":"ELIS ELIS","url":"https:\/\/eliselis.com\/","logo":{"@type":"ImageObject","inLanguage":"ca","@id":"https:\/\/eliselis.com\/#\/schema\/logo\/image\/","url":"https:\/\/eliselis.com\/wp-content\/uploads\/2021\/06\/Logo-Elis-Elis-Color-1.png","contentUrl":"https:\/\/eliselis.com\/wp-content\/uploads\/2021\/06\/Logo-Elis-Elis-Color-1.png","width":1920,"height":426,"caption":"ELIS ELIS"},"image":{"@id":"https:\/\/eliselis.com\/#\/schema\/logo\/image\/"},"sameAs":["https:\/\/www.instagram.com\/eliselisshop\/"]},{"@type":"Person","@id":"https:\/\/eliselis.com\/#\/schema\/person\/46c6219540a2978b537739c639c6ec44","name":"adminelis","image":{"@type":"ImageObject","inLanguage":"ca","@id":"https:\/\/secure.gravatar.com\/avatar\/4d2d1a3f1a2801d06a7f6909400abef1d8ad12e8f38ddef26573be43651fde95?s=96&d=mm&r=g","url":"https:\/\/secure.gravatar.com\/avatar\/4d2d1a3f1a2801d06a7f6909400abef1d8ad12e8f38ddef26573be43651fde95?s=96&d=mm&r=g","contentUrl":"https:\/\/secure.gravatar.com\/avatar\/4d2d1a3f1a2801d06a7f6909400abef1d8ad12e8f38ddef26573be43651fde95?s=96&d=mm&r=g","caption":"adminelis"},"url":"https:\/\/hosting175681eu-cp704.wordpresstemporal.com\/ca\/author\/adminelis\/"}]}},"_links":{"self":[{"href":"https:\/\/hosting175681eu-cp704.wordpresstemporal.com\/ca\/wp-json\/wp\/v2\/posts\/101778","targetHints":{"allow":["GET"]}}],"collection":[{"href":"https:\/\/hosting175681eu-cp704.wordpresstemporal.com\/ca\/wp-json\/wp\/v2\/posts"}],"about":[{"href":"https:\/\/hosting175681eu-cp704.wordpresstemporal.com\/ca\/wp-json\/wp\/v2\/types\/post"}],"author":[{"embeddable":true,"href":"https:\/\/hosting175681eu-cp704.wordpresstemporal.com\/ca\/wp-json\/wp\/v2\/users\/2"}],"replies":[{"embeddable":true,"href":"https:\/\/hosting175681eu-cp704.wordpresstemporal.com\/ca\/wp-json\/wp\/v2\/comments?post=101778"}],"version-history":[{"count":0,"href":"https:\/\/hosting175681eu-cp704.wordpresstemporal.com\/ca\/wp-json\/wp\/v2\/posts\/101778\/revisions"}],"wp:featuredmedia":[{"embeddable":true,"href":"https:\/\/hosting175681eu-cp704.wordpresstemporal.com\/ca\/wp-json\/wp\/v2\/media\/101790"}],"wp:attachment":[{"href":"https:\/\/hosting175681eu-cp704.wordpresstemporal.com\/ca\/wp-json\/wp\/v2\/media?parent=101778"}],"wp:term":[{"taxonomy":"category","embeddable":true,"href":"https:\/\/hosting175681eu-cp704.wordpresstemporal.com\/ca\/wp-json\/wp\/v2\/categories?post=101778"},{"taxonomy":"post_tag","embeddable":true,"href":"https:\/\/hosting175681eu-cp704.wordpresstemporal.com\/ca\/wp-json\/wp\/v2\/tags?post=101778"}],"curies":[{"name":"wp","href":"https:\/\/api.w.org\/{rel}","templated":true}]}}